{"id":8154,"date":"2024-08-07T15:38:22","date_gmt":"2024-08-07T13:38:22","guid":{"rendered":"https:\/\/www.cekom.hr\/?p=8154"},"modified":"2024-09-18T08:34:37","modified_gmt":"2024-09-18T06:34:37","slug":"predstavljamo-19-19-regionalni-konzorcij-za-potporu-razvoja-novih-usluga-i-proizvoda-clan-konzorcija-fakultet-sumarstva-i-drvne-tehnologije","status":"publish","type":"post","link":"https:\/\/www.cekom.hr\/en\/predstavljamo-19-19-regionalni-konzorcij-za-potporu-razvoja-novih-usluga-i-proizvoda-clan-konzorcija-fakultet-sumarstva-i-drvne-tehnologije\/","title":{"rendered":"We present 19\/19: Regional Consortium for supporting the development of new services and products - Consortium member Faculty of Forestry and Wood technology Zagreb\u00a0"},"content":{"rendered":"<p>Fakultet \u0161umarstva i drvne tehnologije me\u0111unarodno je prepoznat kao vode\u0107a institucija u obrazovanju visokostru\u010dnih kadrova za \u0161umarstvo, preradu drva i proizvodnju namje\u0161taja.<\/p>\n\n\n\n<p>Od po\u010detaka visoko\u0161kolske nastave na \u0160umarskoj akademiji 1898. godine, Fakultet je u stalnom usponu, kontinuirano razvijaju\u0107i izvrsnost u obrazovanju i istra\u017eivanju u svojem polju. Temeljeno na uspostavi sustava kvalitete, Fakultet se posve\u0107uje prijenosu i primjeni znanja za dobrobit dru\u0161tva.<\/p>\n\n\n\n<p>S naglaskom na studente, Fakultet aktivno sura\u0111uje s gospodarstvom i javnim sektorom u Hrvatskoj i inozemstvu, doprinose\u0107i stvaranju novih znanja i tehnologija u \u017eivotnim i okoli\u0161nim znanostima.<\/p>\n\n\n\n<p>Djelatnici Fakulteta aktivno sura\u0111uju s doma\u0107im i me\u0111unarodnim organizacijama, uklju\u010duju\u0107i tvrtke i akademske institucije, u pripremi i provedbi istra\u017eiva\u010dkih i razvojnih projekata financiranih iz nacionalnih i me\u0111unarodnih izvora, poput natje\u010daja Hrvatske zaklade za znanost i strukturnih fondova.<\/p>\n\n\n\n<p>Fakultet redovito okuplja istra\u017eiva\u010dke timove i prijavljuje projekte na relevantne natje\u010daje, dok rezultati njihovog rada \u010desto budu predstavljeni na znanstvenim skupovima u zemlji i inozemstvu.<\/p>\n\n\n\n<p>Kroz suradnju s doma\u0107im i inozemnim fakultetima te organizacijama, Fakultet omogu\u0107ava mobilnost i usavr\u0161avanje studenata i nastavnika. Djelatnici Fakulteta kontinuirano doprinose znanstvenim projektima koji su od zna\u010daja za razli\u010dite sektore, uklju\u010duju\u0107i ekologiju, uzgoj \u0161uma, \u0161umarsku genetiku, dendrologiju, za\u0161titu \u0161uma i tehnologiju drva.<\/p>\n\n\n\n<p><strong>Program akceleracije za poduzetnike<\/strong><\/p>\n\n\n\n<p>U okviru Programa akceleracije, Fakultet \u0161umarstva i drvne tehnologije \u0107e poduzetnicima pru\u017eiti stru\u010dno mentorstvo u podru\u010dju upravljanja razvojem inovacije, hrane i bioekonomije, zdravlja i kvalitete \u017eivota. <\/p>\n\n\n\n<p>Prijave putem link-a: <a href=\"https:\/\/docs.google.com\/forms\/d\/e\/1FAIpQLSceE98d-7w5WuZjGSl9QYDU-pcbaXCHdq0TD4NxQAbSLDpgbw\/viewform\">https:\/\/docs.google.com\/forms\/d\/e\/1FAIpQLSceE98d-7w5WuZjGSl9QYDU-pcbaXCHdq0TD4NxQAbSLDpgbw\/viewform<\/a><\/p>","protected":false},"excerpt":{"rendered":"<p>Fakultet \u0161umarstva i drvne tehnologije me\u0111unarodno je prepoznat kao vode\u0107a institucija u obrazovanju visokostru\u010dnih kadrova za \u0161umarstvo, preradu drva i proizvodnju namje\u0161taja. Od po\u010detaka visoko\u0161kolske nastave na \u0160umarskoj akademiji 1898. godine, Fakultet je u stalnom usponu, kontinuirano razvijaju\u0107i izvrsnost u obrazovanju i istra\u017eivanju u svojem polju. Temeljeno na uspostavi sustava kvalitete, Fakultet se posve\u0107uje prijenosu [&hellip;]<\/p>","protected":false},"author":1,"featured_media":8205,"comment_status":"closed","ping_status":"closed","sticky":false,"template":"","format":"standard","meta":{"_et_pb_use_builder":"","_et_pb_old_content":"","_et_gb_content_width":"","footnotes":""},"categories":[226],"tags":[],"class_list":["post-8154","post","type-post","status-publish","format-standard","has-post-thumbnail","hentry","category-program-akceleracije"],"aioseo_notices":[],"_links":{"self":[{"href":"https:\/\/www.cekom.hr\/en\/wp-json\/wp\/v2\/posts\/8154","targetHints":{"allow":["GET"]}}],"collection":[{"href":"https:\/\/www.cekom.hr\/en\/wp-json\/wp\/v2\/posts"}],"about":[{"href":"https:\/\/www.cekom.hr\/en\/wp-json\/wp\/v2\/types\/post"}],"author":[{"embeddable":true,"href":"https:\/\/www.cekom.hr\/en\/wp-json\/wp\/v2\/users\/1"}],"replies":[{"embeddable":true,"href":"https:\/\/www.cekom.hr\/en\/wp-json\/wp\/v2\/comments?post=8154"}],"version-history":[{"count":0,"href":"https:\/\/www.cekom.hr\/en\/wp-json\/wp\/v2\/posts\/8154\/revisions"}],"wp:featuredmedia":[{"embeddable":true,"href":"https:\/\/www.cekom.hr\/en\/wp-json\/wp\/v2\/media\/8205"}],"wp:attachment":[{"href":"https:\/\/www.cekom.hr\/en\/wp-json\/wp\/v2\/media?parent=8154"}],"wp:term":[{"taxonomy":"category","embeddable":true,"href":"https:\/\/www.cekom.hr\/en\/wp-json\/wp\/v2\/categories?post=8154"},{"taxonomy":"post_tag","embeddable":true,"href":"https:\/\/www.cekom.hr\/en\/wp-json\/wp\/v2\/tags?post=8154"}],"curies":[{"name":"wp","href":"https:\/\/api.w.org\/{rel}","templated":true}]}}